{"id":11441,"date":"2026-04-26T09:00:11","date_gmt":"2026-04-26T09:00:11","guid":{"rendered":"https:\/\/franceblues.com\/?p=11441"},"modified":"2026-04-27T15:50:10","modified_gmt":"2026-04-27T15:50:10","slug":"appel-a-candidatures-pour-le-conseil-dadministration-de-france-blues-2","status":"publish","type":"post","link":"https:\/\/franceblues.com\/?p=11441","title":{"rendered":"Appel \u00e0 candidatures pour le Conseil d\u2019Administration de France Blues"},"content":{"rendered":"\r\n<p style=\"font-weight: 400; text-align: justify;\"><img decoding=\"async\" class=\"alignleft size-full wp-image-10688\" src=\"https:\/\/franceblues.com\/wordpress\/wp-content\/uploads\/2025\/05\/assemblee-e1746862849717.jpeg\" alt=\"\" width=\"250\" height=\"177\" \/>Nous avons le plaisir de vous informer que France Blues lance un appel \u00e0 candidatures pour rejoindre son conseil d\u2019administration. Cette opportunit\u00e9 est ouverte \u00e0 tous les passionn\u00e9s de blues qui souhaitent s\u2019impliquer activement dans la promotion et le d\u00e9veloppement de cette musique en France. Cette ann\u00e9e, nous avons 3 places disponibles pour 2 administrateurs qui arrivent au terme de leur mandat et 1 si\u00e8ge \u00e0 pourvoir. \u00a0\u00a0<\/p>\r\n<ul style=\"text-align: justify;\">\r\n<li>Vous \u00eates passionn\u00e9 par le blues et la musique en g\u00e9n\u00e9ral.<\/li>\r\n<li>Vous avez de l\u2019exp\u00e9rience dans la gestion d\u2019associations ou d\u2019organisations culturelles.<\/li>\r\n<li>Vous avez des comp\u00e9tences en communication, marketing ou \u00e9v\u00e9nementiel, dans d\u2019autres domaines.<\/li>\r\n<li>Vous avez envie de travailler en \u00e9quipe et de prendre des d\u00e9cisions strat\u00e9giques.<\/li>\r\n<li>Vous \u00eates disponible pour participer aux r\u00e9unions du Conseil d\u2019Administration et aux \u00e9v\u00e9nements organis\u00e9s par France Blues.<\/li>\r\n<\/ul>\r\n<p style=\"font-weight: 400; text-align: justify;\">Envoyez votre candidature \u00e0 l\u2019adresse\u00a0<strong><a href=\"mailto:contact@franceblues.com\">contact@franceblues.com<\/a><\/strong><\/p>\r\n<p style=\"font-weight: 400; text-align: justify;\">Date limite de d\u00e9p\u00f4t des candidatures : 16 mai<\/p>\r\n<p style=\"font-weight: 400; text-align: justify;\">Nous vous remercions par avance pour votre int\u00e9r\u00eat et votre engagement envers cette musique et avons h\u00e2te de contribuer ensemble \u00e0 l\u2019avenir du blues en France.<\/p>\r\n","protected":false},"excerpt":{"rendered":"<p>Nous avons le plaisir de vous informer que France Blues lance un appel \u00e0 candidatures pour rejoindre son conseil d\u2019administration. Cette opportunit\u00e9 est ouverte \u00e0 tous les passionn\u00e9s de blues qui souhaitent s\u2019impliquer activement dans la promotion et le d\u00e9veloppement de cette musique en France. Cette ann\u00e9e, nous avons 3 places disponibles pour 2 administrateurs [&hellip;]<\/p>\n","protected":false},"author":2,"featured_media":0,"comment_status":"open","ping_status":"open","sticky":false,"template":"","format":"standard","meta":{"footnotes":""},"categories":[1],"tags":[],"class_list":["post-11441","post","type-post","status-publish","format-standard","hentry","category-les-news"],"_links":{"self":[{"href":"https:\/\/franceblues.com\/index.php?rest_route=\/wp\/v2\/posts\/11441","targetHints":{"allow":["GET"]}}],"collection":[{"href":"https:\/\/franceblues.com\/index.php?rest_route=\/wp\/v2\/posts"}],"about":[{"href":"https:\/\/franceblues.com\/index.php?rest_route=\/wp\/v2\/types\/post"}],"author":[{"embeddable":true,"href":"https:\/\/franceblues.com\/index.php?rest_route=\/wp\/v2\/users\/2"}],"replies":[{"embeddable":true,"href":"https:\/\/franceblues.com\/index.php?rest_route=%2Fwp%2Fv2%2Fcomments&post=11441"}],"version-history":[{"count":3,"href":"https:\/\/franceblues.com\/index.php?rest_route=\/wp\/v2\/posts\/11441\/revisions"}],"predecessor-version":[{"id":11444,"href":"https:\/\/franceblues.com\/index.php?rest_route=\/wp\/v2\/posts\/11441\/revisions\/11444"}],"wp:attachment":[{"href":"https:\/\/franceblues.com\/index.php?rest_route=%2Fwp%2Fv2%2Fmedia&parent=11441"}],"wp:term":[{"taxonomy":"category","embeddable":true,"href":"https:\/\/franceblues.com\/index.php?rest_route=%2Fwp%2Fv2%2Fcategories&post=11441"},{"taxonomy":"post_tag","embeddable":true,"href":"https:\/\/franceblues.com\/index.php?rest_route=%2Fwp%2Fv2%2Ftags&post=11441"}],"curies":[{"name":"wp","href":"https:\/\/api.w.org\/{rel}","templated":true}]}}