{"id":11434,"date":"2026-04-26T09:25:26","date_gmt":"2026-04-26T09:25:26","guid":{"rendered":"https:\/\/franceblues.com\/?p=11434"},"modified":"2026-04-26T09:25:27","modified_gmt":"2026-04-26T09:25:27","slug":"france-blues-prepare-deja-sa-troisieme-compilation","status":"publish","type":"post","link":"https:\/\/franceblues.com\/?p=11434","title":{"rendered":"France Blues pr\u00e9pare d\u00e9j\u00e0 sa troisi\u00e8me compilation \u2026"},"content":{"rendered":"<p><img fetchpriority=\"high\" decoding=\"async\" class=\"alignleft size-full wp-image-11436\" src=\"https:\/\/franceblues.com\/wordpress\/wp-content\/uploads\/2026\/04\/owb-scaled-e1777195167640.jpg\" alt=\"\" width=\"300\" height=\"254\" \/><\/p>\n\n\n<div>\n<p style=\"text-align: justify;\">Nous avons le plaisir de vous annoncer le lancement de l\u2019appel \u00e0 candidatures pour la troisi\u00e8me compilation France Blues, pr\u00e9vue pour d\u00e9but 2027. Le th\u00e8me choisi pour cette prochaine \u00e9dition sera<span class=\"apple-converted-space\">\u00a0<\/span><strong>\u00ab\u00a0solos, duos, one women et one men bands\u00a0\u00bb<\/strong>.<\/p>\n<\/div>\n<div style=\"text-align: justify;\">\n<p style=\"text-align: justify;\">Pour figurer sur cette compilation destin\u00e9e \u00e0 \u00eatre remise gratuitement aux professionnels et aux programmateurs europ\u00e9ens, il faut \u00eatre un ou une artiste solo ou duo, \u00eatre adh\u00e9rent de France Blues et faire acte de <strong>candidature avant le 31 mai 2026<\/strong> dernier d\u00e9lai \u00e0 l\u2019adresse<span class=\"apple-converted-space\">\u00a0<\/span><strong><a href=\"mailto:contact@franceblues.com\">contact@franceblues.com<\/a><\/strong><span class=\"apple-converted-space\">\u00a0<\/span>en pr\u00e9cisant si vous envisagez de proposer un morceau r\u00e9cent, un in\u00e9dit ou une exclusivit\u00e9 pour la compilation. Les morceaux devront imp\u00e9rativement \u00eatre des compositions originales et ne pas d\u00e9passer 4 minutes de dur\u00e9e.<\/p>\n<p style=\"text-align: justify;\"><span style=\"font-size: revert;\">Apr\u00e8s examen des candidatures re\u00e7ues, le Conseil d\u2019Administration de France Blues se chargera de s\u00e9lectionner les formations retenues et prendra contact avec elles pour la pr\u00e9paration de la compilation.<\/span><\/p>\n<\/div>\n<div>\n<p>Nous vous remercions par avance de votre int\u00e9r\u00eat et de votre participation.<\/p>\n<\/div>\n","protected":false},"excerpt":{"rendered":"<p>Nous avons le plaisir de vous annoncer le lancement de l\u2019appel \u00e0 candidatures pour la troisi\u00e8me compilation France Blues, pr\u00e9vue pour d\u00e9but 2027. Le th\u00e8me choisi pour cette prochaine \u00e9dition sera\u00a0\u00ab\u00a0solos, duos, one women et one men bands\u00a0\u00bb. Pour figurer sur cette compilation destin\u00e9e \u00e0 \u00eatre remise gratuitement aux professionnels et aux programmateurs europ\u00e9ens, il [&hellip;]<\/p>\n","protected":false},"author":2,"featured_media":0,"comment_status":"open","ping_status":"open","sticky":false,"template":"","format":"standard","meta":{"footnotes":""},"categories":[1],"tags":[],"class_list":["post-11434","post","type-post","status-publish","format-standard","hentry","category-les-news"],"_links":{"self":[{"href":"https:\/\/franceblues.com\/index.php?rest_route=\/wp\/v2\/posts\/11434","targetHints":{"allow":["GET"]}}],"collection":[{"href":"https:\/\/franceblues.com\/index.php?rest_route=\/wp\/v2\/posts"}],"about":[{"href":"https:\/\/franceblues.com\/index.php?rest_route=\/wp\/v2\/types\/post"}],"author":[{"embeddable":true,"href":"https:\/\/franceblues.com\/index.php?rest_route=\/wp\/v2\/users\/2"}],"replies":[{"embeddable":true,"href":"https:\/\/franceblues.com\/index.php?rest_route=%2Fwp%2Fv2%2Fcomments&post=11434"}],"version-history":[{"count":5,"href":"https:\/\/franceblues.com\/index.php?rest_route=\/wp\/v2\/posts\/11434\/revisions"}],"predecessor-version":[{"id":11440,"href":"https:\/\/franceblues.com\/index.php?rest_route=\/wp\/v2\/posts\/11434\/revisions\/11440"}],"wp:attachment":[{"href":"https:\/\/franceblues.com\/index.php?rest_route=%2Fwp%2Fv2%2Fmedia&parent=11434"}],"wp:term":[{"taxonomy":"category","embeddable":true,"href":"https:\/\/franceblues.com\/index.php?rest_route=%2Fwp%2Fv2%2Fcategories&post=11434"},{"taxonomy":"post_tag","embeddable":true,"href":"https:\/\/franceblues.com\/index.php?rest_route=%2Fwp%2Fv2%2Ftags&post=11434"}],"curies":[{"name":"wp","href":"https:\/\/api.w.org\/{rel}","templated":true}]}}